{"id":5209,"date":"2024-07-01T17:53:05","date_gmt":"2024-07-01T15:53:05","guid":{"rendered":"https:\/\/grundschule-kleinblittersdorf.de\/?p=5209"},"modified":"2024-07-02T06:41:04","modified_gmt":"2024-07-02T04:41:04","slug":"schulfest-und-projektwoche-der-grundschule","status":"publish","type":"post","link":"https:\/\/grundschule-kleinblittersdorf.de\/?p=5209","title":{"rendered":"Schulfest und Projektwoche der Grundschule"},"content":{"rendered":"\n<p>Auf dem Schulhof der Grundschule Kleinblittersdorf fand am Samstag, den 15. Juni, das Schulfest der Grundschule statt. Rund 400 Besucher feierten diesen Tag bei herrlichem Sonnenschein. Dem Schulfest voraus ging eine Projektwoche, in der die Kinder das Schulhaus und den Schulhof versch\u00f6nerten. So bauten zum Beispiel die \u201eF\u00fcchse\u201c Steckenpferde, die \u201eGiraffen\u201c gestalteten eine Friedensbr\u00fccke im Treppenhaus und die \u201eRobben\u201c brachten eigens gemalte Keith-Haring-Figuren im Schulhaus an. Die \u201ePinguine\u201c stellten f\u00fcr jede Klasse Geburtstagsst\u00fchle her, indem sie alte St\u00fchle abschliffen und neu lackierten. Die \u201eSchildkr\u00f6ten\u201c stellten Sockenpuppen her und die \u201eEulen\u201c und \u201eErdm\u00e4nnchen\u201c realisierten das Projekt \u201eTraumberuf im Schuhkarton\u201c. Die \u201eDelfine\u201c gestalteten die Pausenhallenwand mit Motiven aus der Schule, der Gemeinde und dem Saarland.<\/p>\n\n\n\n<figure class=\"wp-block-gallery columns-3 is-cropped\"><ul class=\"blocks-gallery-grid\"><li class=\"blocks-gallery-item\"><figure><a href=\"https:\/\/grundschule-kleinblittersdorf.de\/wp-content\/uploads\/2024\/07\/IMG_0802-768x1024.jpg\"><img loading=\"lazy\" width=\"768\" height=\"1024\" src=\"https:\/\/grundschule-kleinblittersdorf.de\/wp-content\/uploads\/2024\/07\/IMG_0802-768x1024.jpg\" alt=\"\" data-id=\"5211\" data-link=\"https:\/\/grundschule-kleinblittersdorf.de\/?attachment_id=5211\" class=\"wp-image-5211\" srcset=\"https:\/\/grundschule-kleinblittersdorf.de\/wp-content\/uploads\/2024\/07\/IMG_0802-768x1024.jpg 768w, https:\/\/grundschule-kleinblittersdorf.de\/wp-content\/uploads\/2024\/07\/IMG_0802-225x300.jpg 225w, https:\/\/grundschule-kleinblittersdorf.de\/wp-content\/uploads\/2024\/07\/IMG_0802-1152x1536.jpg 1152w, https:\/\/grundschule-kleinblittersdorf.de\/wp-content\/uploads\/2024\/07\/IMG_0802-1536x2048.jpg 1536w, https:\/\/grundschule-kleinblittersdorf.de\/wp-content\/uploads\/2024\/07\/IMG_0802-scaled.jpg 1920w\" sizes=\"(max-width: 768px) 100vw, 768px\" \/><\/a><figcaption class=\"blocks-gallery-item__caption\">Upcycling der alten St\u00fchle<\/figcaption><\/figure><\/li><li class=\"blocks-gallery-item\"><figure><a href=\"https:\/\/grundschule-kleinblittersdorf.de\/wp-content\/uploads\/2024\/07\/IMG_0890-1024x768.jpg\"><img loading=\"lazy\" width=\"1024\" height=\"768\" src=\"https:\/\/grundschule-kleinblittersdorf.de\/wp-content\/uploads\/2024\/07\/IMG_0890-1024x768.jpg\" alt=\"\" data-id=\"5213\" data-link=\"https:\/\/grundschule-kleinblittersdorf.de\/?attachment_id=5213\" class=\"wp-image-5213\" srcset=\"https:\/\/grundschule-kleinblittersdorf.de\/wp-content\/uploads\/2024\/07\/IMG_0890-1024x768.jpg 1024w, https:\/\/grundschule-kleinblittersdorf.de\/wp-content\/uploads\/2024\/07\/IMG_0890-300x225.jpg 300w, https:\/\/grundschule-kleinblittersdorf.de\/wp-content\/uploads\/2024\/07\/IMG_0890-768x576.jpg 768w, https:\/\/grundschule-kleinblittersdorf.de\/wp-content\/uploads\/2024\/07\/IMG_0890-1536x1152.jpg 1536w, https:\/\/grundschule-kleinblittersdorf.de\/wp-content\/uploads\/2024\/07\/IMG_0890-2048x1536.jpg 2048w\" sizes=\"(max-width: 1024px) 100vw, 1024px\" \/><\/a><figcaption class=\"blocks-gallery-item__caption\">James Rizzi H\u00e4user<\/figcaption><\/figure><\/li><li class=\"blocks-gallery-item\"><figure><a href=\"https:\/\/grundschule-kleinblittersdorf.de\/wp-content\/uploads\/2024\/07\/IMG_0940-2-1024x768.jpg\"><img loading=\"lazy\" width=\"1024\" height=\"768\" src=\"https:\/\/grundschule-kleinblittersdorf.de\/wp-content\/uploads\/2024\/07\/IMG_0940-2-1024x768.jpg\" alt=\"\" data-id=\"5216\" data-link=\"https:\/\/grundschule-kleinblittersdorf.de\/?attachment_id=5216\" class=\"wp-image-5216\" srcset=\"https:\/\/grundschule-kleinblittersdorf.de\/wp-content\/uploads\/2024\/07\/IMG_0940-2-1024x768.jpg 1024w, https:\/\/grundschule-kleinblittersdorf.de\/wp-content\/uploads\/2024\/07\/IMG_0940-2-300x225.jpg 300w, https:\/\/grundschule-kleinblittersdorf.de\/wp-content\/uploads\/2024\/07\/IMG_0940-2-768x576.jpg 768w, https:\/\/grundschule-kleinblittersdorf.de\/wp-content\/uploads\/2024\/07\/IMG_0940-2-1536x1152.jpg 1536w, https:\/\/grundschule-kleinblittersdorf.de\/wp-content\/uploads\/2024\/07\/IMG_0940-2-2048x1536.jpg 2048w\" sizes=\"(max-width: 1024px) 100vw, 1024px\" \/><\/a><figcaption class=\"blocks-gallery-item__caption\">Die fertigen Geburtstagsst\u00fchle mit den Klassentieren<\/figcaption><\/figure><\/li><li class=\"blocks-gallery-item\"><figure><a href=\"https:\/\/grundschule-kleinblittersdorf.de\/wp-content\/uploads\/2024\/07\/IMG_1061-1024x768.jpg\"><img loading=\"lazy\" width=\"1024\" height=\"768\" src=\"https:\/\/grundschule-kleinblittersdorf.de\/wp-content\/uploads\/2024\/07\/IMG_1061-1024x768.jpg\" alt=\"\" data-id=\"5218\" data-link=\"https:\/\/grundschule-kleinblittersdorf.de\/?attachment_id=5218\" class=\"wp-image-5218\" srcset=\"https:\/\/grundschule-kleinblittersdorf.de\/wp-content\/uploads\/2024\/07\/IMG_1061-1024x768.jpg 1024w, https:\/\/grundschule-kleinblittersdorf.de\/wp-content\/uploads\/2024\/07\/IMG_1061-300x225.jpg 300w, https:\/\/grundschule-kleinblittersdorf.de\/wp-content\/uploads\/2024\/07\/IMG_1061-768x576.jpg 768w, https:\/\/grundschule-kleinblittersdorf.de\/wp-content\/uploads\/2024\/07\/IMG_1061-1536x1152.jpg 1536w, https:\/\/grundschule-kleinblittersdorf.de\/wp-content\/uploads\/2024\/07\/IMG_1061-2048x1536.jpg 2048w\" sizes=\"(max-width: 1024px) 100vw, 1024px\" \/><\/a><figcaption class=\"blocks-gallery-item__caption\"><em>Eines der vier Bildmotive an der Pausenhallenwand, u.a. dargestellt ist das Kleinblittersdorfer Rathaus in Kombination mit der Saarschleife.<\/em><\/figcaption><\/figure><\/li><li class=\"blocks-gallery-item\"><figure><a href=\"https:\/\/grundschule-kleinblittersdorf.de\/wp-content\/uploads\/2024\/07\/IMG_1066-793x1024.jpg\"><img loading=\"lazy\" width=\"793\" height=\"1024\" src=\"https:\/\/grundschule-kleinblittersdorf.de\/wp-content\/uploads\/2024\/07\/IMG_1066-793x1024.jpg\" alt=\"\" data-id=\"5219\" data-link=\"https:\/\/grundschule-kleinblittersdorf.de\/?attachment_id=5219\" class=\"wp-image-5219\" srcset=\"https:\/\/grundschule-kleinblittersdorf.de\/wp-content\/uploads\/2024\/07\/IMG_1066-793x1024.jpg 793w, https:\/\/grundschule-kleinblittersdorf.de\/wp-content\/uploads\/2024\/07\/IMG_1066-232x300.jpg 232w, https:\/\/grundschule-kleinblittersdorf.de\/wp-content\/uploads\/2024\/07\/IMG_1066-768x992.jpg 768w, https:\/\/grundschule-kleinblittersdorf.de\/wp-content\/uploads\/2024\/07\/IMG_1066-1189x1536.jpg 1189w, https:\/\/grundschule-kleinblittersdorf.de\/wp-content\/uploads\/2024\/07\/IMG_1066-1586x2048.jpg 1586w, https:\/\/grundschule-kleinblittersdorf.de\/wp-content\/uploads\/2024\/07\/IMG_1066-scaled.jpg 1982w\" sizes=\"(max-width: 793px) 100vw, 793px\" \/><\/a><figcaption class=\"blocks-gallery-item__caption\">Unsere neuen 1&#215;1 Stufen<\/figcaption><\/figure><\/li><li class=\"blocks-gallery-item\"><figure><a href=\"https:\/\/grundschule-kleinblittersdorf.de\/wp-content\/uploads\/2024\/07\/ef840fb9-8b45-4a48-93d2-faf61143c10d.jpg\"><img loading=\"lazy\" width=\"1024\" height=\"768\" src=\"https:\/\/grundschule-kleinblittersdorf.de\/wp-content\/uploads\/2024\/07\/ef840fb9-8b45-4a48-93d2-faf61143c10d-1024x768.jpg\" alt=\"\" data-id=\"5220\" data-full-url=\"https:\/\/grundschule-kleinblittersdorf.de\/wp-content\/uploads\/2024\/07\/ef840fb9-8b45-4a48-93d2-faf61143c10d.jpg\" data-link=\"https:\/\/grundschule-kleinblittersdorf.de\/?attachment_id=5220\" class=\"wp-image-5220\" srcset=\"https:\/\/grundschule-kleinblittersdorf.de\/wp-content\/uploads\/2024\/07\/ef840fb9-8b45-4a48-93d2-faf61143c10d-1024x768.jpg 1024w, https:\/\/grundschule-kleinblittersdorf.de\/wp-content\/uploads\/2024\/07\/ef840fb9-8b45-4a48-93d2-faf61143c10d-300x225.jpg 300w, https:\/\/grundschule-kleinblittersdorf.de\/wp-content\/uploads\/2024\/07\/ef840fb9-8b45-4a48-93d2-faf61143c10d-768x576.jpg 768w, https:\/\/grundschule-kleinblittersdorf.de\/wp-content\/uploads\/2024\/07\/ef840fb9-8b45-4a48-93d2-faf61143c10d-1536x1152.jpg 1536w, https:\/\/grundschule-kleinblittersdorf.de\/wp-content\/uploads\/2024\/07\/ef840fb9-8b45-4a48-93d2-faf61143c10d.jpg 2048w\" sizes=\"(max-width: 1024px) 100vw, 1024px\" \/><\/a><figcaption class=\"blocks-gallery-item__caption\">Keith Haring -Motive<\/figcaption><\/figure><\/li><\/ul><\/figure>\n\n\n\n<p><\/p>\n\n\n\n<p>Auch auf dem Schulfest selbst gab es viele Angebote. Von Spielestationen, einer Vorf\u00fchrung mit Film- und Fernsehhund Toby, einem Auftritt des Zauberers Kalibo und des Blechbl\u00e4serensembles des Saar-Wind-Orchesters bis hin zu einer F\u00fchrung am Feuerwehrauto, einem Fu\u00dfballparcours des SV Ph\u00f6nix, Schminkangeboten und einer Tombola war bis 16 Uhr Programm geboten.<\/p>\n\n\n\n<p>Ich m\u00f6chte mich herzlich bedanken bei B\u00fcrgermeister Rainer Lang und der Gemeinde f\u00fcr die finanzielle Unterst\u00fctzung der Projekte, dem F\u00f6rderverein f\u00fcr die Organisation des Schulfestes und dem Sponsoring einer Freundschaftsbank, den Hausmeistern Frank M\u00f6rchen und J\u00fcrgen Spath, Frau K\u00fcman f\u00fcr den Entwurf der Bildmotive der Pausenhallenwand, allen Lehrerinnen und Lehrern, der Nachmittagsbetreuung und Schulsozialarbeit f\u00fcr die Unterst\u00fctzung des Programms und der Organisation der Spielestationen, den Sekret\u00e4rinnen f\u00fcr die Unterst\u00fctzung in der Verwaltung, sowie den Eltern f\u00fcr den Auf- und Abbau, der \u00dcbernahme von Diensten und Spenden f\u00fcr die Tombola. Auch sei an dieser Stelle allen Gesch\u00e4ften, Institutionen und Privatpersonen des Ortes gedankt, die die Tombola unterst\u00fctzt haben. Ein Dankesch\u00f6n m\u00f6chte ich weiterhin dem Baumarkt Hornbach f\u00fcr die Spende der Blumendeko aussprechen.<\/p>\n\n\n\n<p>Thorsten Haug<\/p>\n\n\n\n<figure class=\"wp-block-gallery columns-2 is-cropped\"><ul class=\"blocks-gallery-grid\"><li class=\"blocks-gallery-item\"><figure><a href=\"https:\/\/grundschule-kleinblittersdorf.de\/wp-content\/uploads\/2024\/07\/758726cf-34ce-45e4-9155-e81815dfdf9f-1024x768.jpg\"><img loading=\"lazy\" width=\"1024\" height=\"768\" src=\"https:\/\/grundschule-kleinblittersdorf.de\/wp-content\/uploads\/2024\/07\/758726cf-34ce-45e4-9155-e81815dfdf9f-1024x768.jpg\" alt=\"\" data-id=\"5221\" data-link=\"https:\/\/grundschule-kleinblittersdorf.de\/?attachment_id=5221\" class=\"wp-image-5221\" srcset=\"https:\/\/grundschule-kleinblittersdorf.de\/wp-content\/uploads\/2024\/07\/758726cf-34ce-45e4-9155-e81815dfdf9f-1024x768.jpg 1024w, https:\/\/grundschule-kleinblittersdorf.de\/wp-content\/uploads\/2024\/07\/758726cf-34ce-45e4-9155-e81815dfdf9f-300x225.jpg 300w, https:\/\/grundschule-kleinblittersdorf.de\/wp-content\/uploads\/2024\/07\/758726cf-34ce-45e4-9155-e81815dfdf9f-768x576.jpg 768w, https:\/\/grundschule-kleinblittersdorf.de\/wp-content\/uploads\/2024\/07\/758726cf-34ce-45e4-9155-e81815dfdf9f-1536x1152.jpg 1536w, https:\/\/grundschule-kleinblittersdorf.de\/wp-content\/uploads\/2024\/07\/758726cf-34ce-45e4-9155-e81815dfdf9f.jpg 2048w\" sizes=\"(max-width: 1024px) 100vw, 1024px\" \/><\/a><figcaption class=\"blocks-gallery-item__caption\">Selbstgen\u00e4hte Wimpel der FGTS<\/figcaption><\/figure><\/li><li class=\"blocks-gallery-item\"><figure><a href=\"https:\/\/grundschule-kleinblittersdorf.de\/wp-content\/uploads\/2024\/07\/IMG_1001-scaled.jpg\"><img loading=\"lazy\" width=\"768\" height=\"1024\" src=\"https:\/\/grundschule-kleinblittersdorf.de\/wp-content\/uploads\/2024\/07\/IMG_1001-768x1024.jpg\" alt=\"\" data-id=\"5222\" data-full-url=\"https:\/\/grundschule-kleinblittersdorf.de\/wp-content\/uploads\/2024\/07\/IMG_1001-scaled.jpg\" data-link=\"https:\/\/grundschule-kleinblittersdorf.de\/?attachment_id=5222\" class=\"wp-image-5222\" srcset=\"https:\/\/grundschule-kleinblittersdorf.de\/wp-content\/uploads\/2024\/07\/IMG_1001-768x1024.jpg 768w, https:\/\/grundschule-kleinblittersdorf.de\/wp-content\/uploads\/2024\/07\/IMG_1001-225x300.jpg 225w, https:\/\/grundschule-kleinblittersdorf.de\/wp-content\/uploads\/2024\/07\/IMG_1001-1152x1536.jpg 1152w, https:\/\/grundschule-kleinblittersdorf.de\/wp-content\/uploads\/2024\/07\/IMG_1001-1536x2048.jpg 1536w, https:\/\/grundschule-kleinblittersdorf.de\/wp-content\/uploads\/2024\/07\/IMG_1001-scaled.jpg 1920w\" sizes=\"(max-width: 768px) 100vw, 768px\" \/><\/a><figcaption class=\"blocks-gallery-item__caption\">Filmvorf\u00fchrung der TTF-AG<\/figcaption><\/figure><\/li><\/ul><\/figure>\n\n\n\n<p>Schulleiter<\/p>\n","protected":false},"excerpt":{"rendered":"<p>Auf dem Schulhof der Grundschule Kleinblittersdorf fand am Samstag, den 15. Juni, das Schulfest der Grundschule statt. Rund 400 Besucher feierten diesen Tag bei herrlichem Sonnenschein. Dem Schulfest voraus ging eine Projektwoche, in der die Kinder das Schulhaus und den Schulhof versch\u00f6nerten. So bauten zum Beispiel die \u201eF\u00fcchse\u201c Steckenpferde, die \u201eGiraffen\u201c gestalteten eine Friedensbr\u00fccke im [&hellip;]<\/p>\n","protected":false},"author":1,"featured_media":5218,"comment_status":"closed","ping_status":"closed","sticky":false,"template":"","format":"standard","meta":[],"categories":[3],"tags":[],"_links":{"self":[{"href":"https:\/\/grundschule-kleinblittersdorf.de\/index.php?rest_route=\/wp\/v2\/posts\/5209"}],"collection":[{"href":"https:\/\/grundschule-kleinblittersdorf.de\/index.php?rest_route=\/wp\/v2\/posts"}],"about":[{"href":"https:\/\/grundschule-kleinblittersdorf.de\/index.php?rest_route=\/wp\/v2\/types\/post"}],"author":[{"embeddable":true,"href":"https:\/\/grundschule-kleinblittersdorf.de\/index.php?rest_route=\/wp\/v2\/users\/1"}],"replies":[{"embeddable":true,"href":"https:\/\/grundschule-kleinblittersdorf.de\/index.php?rest_route=%2Fwp%2Fv2%2Fcomments&post=5209"}],"version-history":[{"count":2,"href":"https:\/\/grundschule-kleinblittersdorf.de\/index.php?rest_route=\/wp\/v2\/posts\/5209\/revisions"}],"predecessor-version":[{"id":5233,"href":"https:\/\/grundschule-kleinblittersdorf.de\/index.php?rest_route=\/wp\/v2\/posts\/5209\/revisions\/5233"}],"wp:featuredmedia":[{"embeddable":true,"href":"https:\/\/grundschule-kleinblittersdorf.de\/index.php?rest_route=\/wp\/v2\/media\/5218"}],"wp:attachment":[{"href":"https:\/\/grundschule-kleinblittersdorf.de\/index.php?rest_route=%2Fwp%2Fv2%2Fmedia&parent=5209"}],"wp:term":[{"taxonomy":"category","embeddable":true,"href":"https:\/\/grundschule-kleinblittersdorf.de\/index.php?rest_route=%2Fwp%2Fv2%2Fcategories&post=5209"},{"taxonomy":"post_tag","embeddable":true,"href":"https:\/\/grundschule-kleinblittersdorf.de\/index.php?rest_route=%2Fwp%2Fv2%2Ftags&post=5209"}],"curies":[{"name":"wp","href":"https:\/\/api.w.org\/{rel}","templated":true}]}}