{"id":4567,"date":"2023-06-16T07:26:18","date_gmt":"2023-06-16T05:26:18","guid":{"rendered":"https:\/\/grundschule-kleinblittersdorf.de\/?p=4567"},"modified":"2023-06-16T07:26:18","modified_gmt":"2023-06-16T05:26:18","slug":"unser-besuch-beim-kindermitmachkonzert-der-deutschen-radio-philharmonie","status":"publish","type":"post","link":"https:\/\/grundschule-kleinblittersdorf.de\/?p=4567","title":{"rendered":"Unser Besuch beim Kindermitmachkonzert der Deutschen Radio Philharmonie\u00a0"},"content":{"rendered":"\n<p><br>Am Mittwoch, den 14.06.23, besuchten die zweiten und dritten Klassen das Kindermitmachkonzert \u201eSommertr\u00e4ume\u201c von Felix Mendelssohn Bartholdy auf dem Halberg. Nachdem das Orchester die Instrumente gestimmt hatte, ging es auch schon los. Die Musik f\u00fchrte uns in einen Zauberwald, in dem die Elfen Puck und Bohnenbl\u00fcte viel Schabernack machten und f\u00fcr Verwirrung bei den Menschen sorgten.\u00a0Nicht nur die Musik, sondern auch die Moderation durch das St\u00fcck regte uns zum Mitmachen an und wir waren besonders von den Zaubertricks des Elfen beeindruckt. Nachdem wir das Musikst\u00fcck schon oft im Unterricht geh\u00f6rt hatten, war es jetzt besonders interessant und spannend, dass wir die Instrumente in echt sehen und die Musiker beim Spielen beobachten konnten.\u00a0Die Zeit verging wie im Flug und wir waren alle \u00fcberrascht, als der Hochzeitsmarsch erklang und damit das Ende des Konzertes ank\u00fcndigte. <\/p>\n\n\n\n<p>Wir freuen uns schon auf das n\u00e4chste Konzert, bei dem wir hoffentlich wieder dabei sein k\u00f6nnen.<br>Klasse 3.2<\/p>\n\n\n\n<figure class=\"wp-block-image size-large\"><a href=\"https:\/\/grundschule-kleinblittersdorf.de\/wp-content\/uploads\/2023\/06\/IMG-20230614-WA0004.jpg\"><img loading=\"lazy\" width=\"1024\" height=\"576\" src=\"https:\/\/grundschule-kleinblittersdorf.de\/wp-content\/uploads\/2023\/06\/IMG-20230614-WA0004-1024x576.jpg\" alt=\"\" class=\"wp-image-4568\" srcset=\"https:\/\/grundschule-kleinblittersdorf.de\/wp-content\/uploads\/2023\/06\/IMG-20230614-WA0004-1024x576.jpg 1024w, https:\/\/grundschule-kleinblittersdorf.de\/wp-content\/uploads\/2023\/06\/IMG-20230614-WA0004-300x169.jpg 300w, https:\/\/grundschule-kleinblittersdorf.de\/wp-content\/uploads\/2023\/06\/IMG-20230614-WA0004-768x432.jpg 768w, https:\/\/grundschule-kleinblittersdorf.de\/wp-content\/uploads\/2023\/06\/IMG-20230614-WA0004.jpg 1328w\" sizes=\"(max-width: 1024px) 100vw, 1024px\" \/><\/a><\/figure>\n","protected":false},"excerpt":{"rendered":"<p>Am Mittwoch, den 14.06.23, besuchten die zweiten und dritten Klassen das Kindermitmachkonzert \u201eSommertr\u00e4ume\u201c von Felix Mendelssohn Bartholdy auf dem Halberg. Nachdem das Orchester die Instrumente gestimmt hatte, ging es auch schon los. Die Musik f\u00fchrte uns in einen Zauberwald, in dem die Elfen Puck und Bohnenbl\u00fcte viel Schabernack machten und f\u00fcr Verwirrung bei den Menschen [&hellip;]<\/p>\n","protected":false},"author":1,"featured_media":0,"comment_status":"closed","ping_status":"closed","sticky":false,"template":"","format":"standard","meta":[],"categories":[3],"tags":[],"_links":{"self":[{"href":"https:\/\/grundschule-kleinblittersdorf.de\/index.php?rest_route=\/wp\/v2\/posts\/4567"}],"collection":[{"href":"https:\/\/grundschule-kleinblittersdorf.de\/index.php?rest_route=\/wp\/v2\/posts"}],"about":[{"href":"https:\/\/grundschule-kleinblittersdorf.de\/index.php?rest_route=\/wp\/v2\/types\/post"}],"author":[{"embeddable":true,"href":"https:\/\/grundschule-kleinblittersdorf.de\/index.php?rest_route=\/wp\/v2\/users\/1"}],"replies":[{"embeddable":true,"href":"https:\/\/grundschule-kleinblittersdorf.de\/index.php?rest_route=%2Fwp%2Fv2%2Fcomments&post=4567"}],"version-history":[{"count":1,"href":"https:\/\/grundschule-kleinblittersdorf.de\/index.php?rest_route=\/wp\/v2\/posts\/4567\/revisions"}],"predecessor-version":[{"id":4569,"href":"https:\/\/grundschule-kleinblittersdorf.de\/index.php?rest_route=\/wp\/v2\/posts\/4567\/revisions\/4569"}],"wp:attachment":[{"href":"https:\/\/grundschule-kleinblittersdorf.de\/index.php?rest_route=%2Fwp%2Fv2%2Fmedia&parent=4567"}],"wp:term":[{"taxonomy":"category","embeddable":true,"href":"https:\/\/grundschule-kleinblittersdorf.de\/index.php?rest_route=%2Fwp%2Fv2%2Fcategories&post=4567"},{"taxonomy":"post_tag","embeddable":true,"href":"https:\/\/grundschule-kleinblittersdorf.de\/index.php?rest_route=%2Fwp%2Fv2%2Ftags&post=4567"}],"curies":[{"name":"wp","href":"https:\/\/api.w.org\/{rel}","templated":true}]}}