{"id":1364,"date":"2017-11-28T18:48:36","date_gmt":"2017-11-28T17:48:36","guid":{"rendered":"http:\/\/grundschule-kleinblittersdorf.de\/?p=1364"},"modified":"2018-05-24T09:53:50","modified_gmt":"2018-05-24T07:53:50","slug":"autorenlesung","status":"publish","type":"post","link":"https:\/\/grundschule-kleinblittersdorf.de\/?p=1364","title":{"rendered":"Autorenlesung"},"content":{"rendered":"<p>Am 15.11.2017 fand f\u00fcr die Sch\u00fcler der 1. und 3. Klassen eine Autorenlesung statt.<\/p>\n<p>Das sagen die Sch\u00fcler der 3. Klasse dazu:<\/p>\n<p>&nbsp;<\/p>\n<p><strong>F\u00fcnf Gramm Gl\u00fcck<\/strong><\/p>\n<p>Ich fand das Buch von Thilo Reffert witzig und sch\u00f6n. Lustig ist, wie sich die Brotboxen in der Sp\u00fclmaschine unterhalten. Ich w\u00fcrde mir das Buch kaufen. (Samuel)<\/p>\n<p>&nbsp;<\/p>\n<p>Die Autorenlesung hat mir gut gefallen. Das Buch handelt von einer Brotdose und hei\u00dft: \u201e5 Gramm Gl\u00fcck\u201c. Der Autor hei\u00dft Thilo Reffert und er hat uns ein Autogramm gegeben. (Tim)<\/p>\n<p>&nbsp;<\/p>\n<p>Heute ist Thilo Reffert zu uns an die Schule gekommen. Er ist der Autor des Buches: F\u00fcnf Gramm Gl\u00fcck. Es war sehr spannend und das Buch sehr lustig. (Ariela)<\/p>\n<p>&nbsp;<\/p>\n<p>Heute hat uns Thilo Reffert uns ein Buch vorgelesen. Es war lustig und witzig. Das Buch hie\u00df \u201eF\u00fcnf Gramm Gl\u00fcck\u201c. In dem Buch ging es um eine Brotdose. Die \u00fcber sich erz\u00e4hlte. Was sie so erlebt und war ihr passiert. (Leonie)<\/p>\n<p>&nbsp;<\/p>\n<p>Es war sehr spannend und das Buch sehr lustig und ich w\u00fcrde es kaufen. (Ariela)<\/p>\n<p>&nbsp;<\/p>\n<p>Der Autor eines Buches hat uns das Buch, das er geschrieben hat vorgelesen. Das Buch hei\u00dft: \u201eF\u00fcnf Gramm Gl\u00fcck\u201c. Der Autor hat auch drei anderer B\u00fccher geschrieben und ist ein Buch noch am Schreiben. Das Buch hat mir gut gefallen, weil es witzig war. (Benjamin)<\/p>\n<p>&nbsp;<\/p>\n<p>Mir hat es heute gut in der Autorenlesung gefallen, weil es sehr spannend war. Ich fand auch gut, wie gut der Autor vorgelesen hat und das wir immer fragen konnten. Mir hat auch gefallen, dass er manches besser erkl\u00e4rt hat. (Ferdinand)<\/p>\n<p>&nbsp;<\/p>\n<p>Ich fand das Buch toll, weil es spannend war. Ich fand es lustig, weil wie er das franz\u00f6sische Wort ausgesprochen hat und das englische. Nett fand ich, dass man einen Stundenplan und Autogramme bekommen hat. (Zena)<\/p>\n<p>&nbsp;<\/p>\n<p>Ich fand das eine tolle Idee eine Brotbox, die ihre Lebensgeschichte erz\u00e4hlt. Der Autor hat das Buch mit sehr viel Fantasie geschrieben. Ich fand die Lesung einfach toll! (Jori)<\/p>\n<p>&nbsp;<\/p>\n<p>Die Geschichte war aufregend und sch\u00f6n. Der Autor war nett. Er hat alle Fragen beantwortet. (Anna)<\/p>\n<p>&nbsp;<\/p>\n<p>Mir hat am besten das Abenteuer im Fundb\u00fcro gefallen. Mir hat das Buch sehr gut gefallen (Florence)<\/p>\n<p>&nbsp;<\/p>\n<p>Mir hat die Autorenlesung gut gefallen, weil der Mann von einer Brotdose geschrieben hat, die ihr Leben erz\u00e4hlt. Danach hat der Mann uns ein Autogramm angeboten. Zum Schluss haben wir uns \u00fcber das Buch unterhalten. (Lasse)<\/p>\n<p>&nbsp;<\/p>\n<p>Es war einfach nur sch\u00f6n! (Annika)<\/p>\n<p>&nbsp;<\/p>\n<p>Der Thilo Reffert hat 4 B\u00fccher geschrieben. (Oli)<\/p>\n<p>&nbsp;<\/p>\n<p>Am Ende hat jeder ein Autogramm bekommen und einen Stundenplan. (Max)<\/p>\n<p>&nbsp;<\/p>\n<p>Ich fand das Buch toll. Ich fand das Buch spannend. Ich fand das Buch witzig. (Lennart)<\/p>\n<p>&nbsp;<\/p>\n<p>Heute war der Autor Thilo Reffert bei uns in der Schule. Er las uns ein Buch von sich vor, es hei\u00dft: \u201eF\u00fcnf Gramm Gl\u00fcck\u201c. Es hat mir gut gefallen. (Taylor)<\/p>\n","protected":false},"excerpt":{"rendered":"<p>Am 15.11.2017 fand f\u00fcr die Sch\u00fcler der 1. und 3. Klassen eine Autorenlesung statt. Das sagen die Sch\u00fcler der 3. Klasse dazu: &nbsp; F\u00fcnf Gramm Gl\u00fcck Ich fand das Buch von Thilo Reffert witzig und sch\u00f6n. Lustig ist, wie sich die Brotboxen in der Sp\u00fclmaschine unterhalten. Ich w\u00fcrde mir das Buch kaufen. (Samuel) &nbsp; Die [&hellip;]<\/p>\n","protected":false},"author":1,"featured_media":0,"comment_status":"closed","ping_status":"closed","sticky":false,"template":"","format":"standard","meta":[],"categories":[4],"tags":[],"_links":{"self":[{"href":"https:\/\/grundschule-kleinblittersdorf.de\/index.php?rest_route=\/wp\/v2\/posts\/1364"}],"collection":[{"href":"https:\/\/grundschule-kleinblittersdorf.de\/index.php?rest_route=\/wp\/v2\/posts"}],"about":[{"href":"https:\/\/grundschule-kleinblittersdorf.de\/index.php?rest_route=\/wp\/v2\/types\/post"}],"author":[{"embeddable":true,"href":"https:\/\/grundschule-kleinblittersdorf.de\/index.php?rest_route=\/wp\/v2\/users\/1"}],"replies":[{"embeddable":true,"href":"https:\/\/grundschule-kleinblittersdorf.de\/index.php?rest_route=%2Fwp%2Fv2%2Fcomments&post=1364"}],"version-history":[{"count":1,"href":"https:\/\/grundschule-kleinblittersdorf.de\/index.php?rest_route=\/wp\/v2\/posts\/1364\/revisions"}],"predecessor-version":[{"id":1365,"href":"https:\/\/grundschule-kleinblittersdorf.de\/index.php?rest_route=\/wp\/v2\/posts\/1364\/revisions\/1365"}],"wp:attachment":[{"href":"https:\/\/grundschule-kleinblittersdorf.de\/index.php?rest_route=%2Fwp%2Fv2%2Fmedia&parent=1364"}],"wp:term":[{"taxonomy":"category","embeddable":true,"href":"https:\/\/grundschule-kleinblittersdorf.de\/index.php?rest_route=%2Fwp%2Fv2%2Fcategories&post=1364"},{"taxonomy":"post_tag","embeddable":true,"href":"https:\/\/grundschule-kleinblittersdorf.de\/index.php?rest_route=%2Fwp%2Fv2%2Ftags&post=1364"}],"curies":[{"name":"wp","href":"https:\/\/api.w.org\/{rel}","templated":true}]}}